{"id":1254,"date":"2022-11-10T09:44:00","date_gmt":"2022-11-10T09:44:00","guid":{"rendered":"https:\/\/www.tmipal.com\/?p=1254"},"modified":"2025-04-22T09:11:06","modified_gmt":"2025-04-22T09:11:06","slug":"en-tmi-volvemos-a-estar-de-gira","status":"publish","type":"post","link":"https:\/\/www.tmipal.com\/es\/en-tmi-volvemos-a-estar-de-gira\/","title":{"rendered":"\u00a1EN TMI VOLVEMOS A ESTAR DE GIRA!"},"content":{"rendered":"\n<h3 class=\"wp-block-heading\">1.SOLIDS<\/h3>\n\n\n\n<p><a href=\"https:\/\/www.solids-antwerp.be\/en\/\"><strong>SOLIDS&nbsp;<\/strong><\/a>reunir\u00e1 a los principales proveedores de soluciones y herramientas de la industria de procesamiento de s\u00f3lidos a granel. Esta feria es una plataforma \u00fanica en la que los expositores proporcionan a los responsables de la toma de decisiones informaci\u00f3n estrat\u00e9gica sobre las \u00faltimas tecnolog\u00edas, productos y servicios de la industria de los s\u00f3lidos a granel.<\/p>\n\n\n\n<p>La&nbsp;<a href=\"https:\/\/www.solids-antwerp.be\/en\/\"><strong>SOLIDS&nbsp;<\/strong><\/a>tendr\u00e1 lugar el&nbsp;<strong>16 y 17 de noviembre de 2022 en la Expo de Amberes.<\/strong><\/p>\n\n\n\n<p><strong><a href=\"https:\/\/www.tmipal.com\/\">TMI<\/a><\/strong><strong>&nbsp;<\/strong>estar\u00e1 presente con su partner local,&nbsp;<strong><a href=\"https:\/\/www.heyndrickxengineering.be\/nl\/\">Heyndrickx Engineering<\/a>,&nbsp;<\/strong>en el&nbsp;<strong>stand 4047<\/strong>, donde el equipo comercial podr\u00e1 atenderte y resolver cualquier duda.<br><br>Si estas interesado, \u00a1no dudes en visitarnos!<br><br>\u00bfTe apuntas? Para m\u00e1s informaci\u00f3n visita la web oficial del evento:&nbsp;<a href=\"https:\/\/www.solids-antwerp.be\/en\/\"><strong>SOLIDS<\/strong><\/a><\/p>\n\n\n\n<h3 class=\"wp-block-heading\"><strong>2. ALL4PACK<\/strong><\/h3>\n\n\n\n<p><strong><a href=\"https:\/\/www.tmipal.com\/\">TMI<\/a><\/strong><strong>&nbsp;<\/strong>participar\u00e1 en la nueva edici\u00f3n de&nbsp;<strong><a href=\"https:\/\/www.all4pack.com\/\">ALL4PACK<\/a><\/strong><strong>&nbsp;<\/strong>en&nbsp;<strong>Par\u00eds<\/strong>, el evento que re\u00fane soluciones de embalaje innovadoras y sostenibles en Francia, con su partner local&nbsp;<a href=\"https:\/\/pbhfrance.com\/\"><strong>PBH France<\/strong><\/a>.<\/p>\n\n\n\n<p>\u00a1No te pierdas esta oportunidad de impulsar tu proyecto de final de l\u00ednea!<\/p>\n\n\n\n<p>Del&nbsp;<strong>21 al 24 de noviembre de 2022<\/strong>&nbsp;podr\u00e1s visitarnos en el&nbsp;<strong>Pabell\u00f3n 5A Stand D077<\/strong>&nbsp;en&nbsp;<strong>Par\u00eds Nord Villepinte<\/strong>, y descubrir las soluciones de futuro adaptadas a tus necesidades.<\/p>\n\n\n\n<p>\u00bfTe interesa? Puedes visitar la web oficial del evento:&nbsp;<strong><a href=\"https:\/\/www.all4pack.com\/\">ALL4PACK<\/a><\/strong><\/p>\n\n\n\n<h3 class=\"wp-block-heading\"><strong>3. VRACTECH<\/strong><\/h3>\n\n\n\n<p>La feria&nbsp;<a href=\"https:\/\/www.vractech.com\/en\"><strong>VracTech Le Mans 2022<\/strong><\/a>&nbsp;volver\u00e1 a reunir a los principales proveedores de tecnolog\u00eda de manipulaci\u00f3n de materiales a granel en un mismo espacio, y junto con su socio local&nbsp;<a href=\"https:\/\/pbhfrance.com\/\"><strong>PBH France<\/strong><\/a>, TMI estar\u00e1 presente para ayudarte y ofrecerte todas nuestras soluciones<\/p>\n\n\n\n<p>Del&nbsp;<strong>6 al 8 de diciembre de 2022<\/strong>&nbsp;podr\u00e1s acompa\u00f1arnos en el&nbsp;<strong>stand HC D-25<\/strong>&nbsp;del&nbsp;<strong>recinto ferial de Le Mans<\/strong>&nbsp;y potenciar tu proyecto de final de l\u00ednea.<\/p>\n\n\n\n<p>Si te interesa, y quieres participar en el evento, visita la web oficial del evento:&nbsp;<strong><a href=\"https:\/\/www.vractech.com\/en\">VRACTECH<\/a><\/strong><\/p>\n","protected":false},"excerpt":{"rendered":"<p>Este final de a\u00f1o de 2022 ser\u00e1 de sinergia y reencuentros, porque TMI volver\u00e1 a estar de gira: SOLIDS en Amberes, ALL4Pack en Paris y VracTech en Le Mans. \u00bfNos veremos?<\/p>\n","protected":false},"author":1,"featured_media":1255,"comment_status":"open","ping_status":"open","sticky":false,"template":"","format":"standard","meta":{"_acf_changed":false,"_monsterinsights_skip_tracking":false,"_monsterinsights_sitenote_active":false,"_monsterinsights_sitenote_note":"","_monsterinsights_sitenote_category":0,"_uf_show_specific_survey":0,"_uf_disable_surveys":false,"footnotes":""},"categories":[118,119],"tags":[],"class_list":["post-1254","post","type-post","status-publish","format-standard","has-post-thumbnail","hentry","category-empresa","category-eventos"],"acf":[],"yoast_head":"<!-- This site is optimized with the Yoast SEO plugin v26.8 - https:\/\/yoast.com\/product\/yoast-seo-wordpress\/ -->\n<title>\u00a1EN TMI VOLVEMOS A ESTAR DE GIRA! | TMI, Ensacado, Paletizado, Protecci\u00f3n de cargas y Pesaje<\/title>\n<meta name=\"description\" content=\"Este final de a\u00f1o de 2022 ser\u00e1 de sinergia y reencuentros, porque TMI volver\u00e1 a estar de gira: SOLIDS en Amberes, ALL4Pack en Paris y VracTech en Le Mans. \u00bfNos veremos?\" \/>\n<meta name=\"robots\" content=\"index, follow, max-snippet:-1, max-image-preview:large, max-video-preview:-1\" \/>\n<link rel=\"canonical\" href=\"https:\/\/www.tmipal.com\/es\/en-tmi-volvemos-a-estar-de-gira\/\" \/>\n<meta property=\"og:locale\" content=\"es_ES\" \/>\n<meta property=\"og:type\" content=\"article\" \/>\n<meta property=\"og:title\" content=\"\u00a1EN TMI VOLVEMOS A ESTAR DE GIRA! | TMI, Ensacado, Paletizado, Protecci\u00f3n de cargas y Pesaje\" \/>\n<meta property=\"og:description\" content=\"Este final de a\u00f1o de 2022 ser\u00e1 de sinergia y reencuentros, porque TMI volver\u00e1 a estar de gira: SOLIDS en Amberes, ALL4Pack en Paris y VracTech en Le Mans. \u00bfNos veremos?\" \/>\n<meta property=\"og:url\" content=\"https:\/\/www.tmipal.com\/es\/en-tmi-volvemos-a-estar-de-gira\/\" \/>\n<meta property=\"og:site_name\" content=\"TMI\" \/>\n<meta property=\"article:published_time\" content=\"2022-11-10T09:44:00+00:00\" \/>\n<meta property=\"article:modified_time\" content=\"2025-04-22T09:11:06+00:00\" \/>\n<meta property=\"og:image\" content=\"https:\/\/www.tmipal.com\/wp-content\/uploads\/2025\/02\/ferias_tmi_nov_2.jpeg\" \/>\n\t<meta property=\"og:image:width\" content=\"1080\" \/>\n\t<meta property=\"og:image:height\" content=\"536\" \/>\n\t<meta property=\"og:image:type\" content=\"image\/jpeg\" \/>\n<meta name=\"author\" content=\"agenciaom\" \/>\n<meta name=\"twitter:card\" content=\"summary_large_image\" \/>\n<meta name=\"twitter:label1\" content=\"Escrito por\" \/>\n\t<meta name=\"twitter:data1\" content=\"agenciaom\" \/>\n\t<meta name=\"twitter:label2\" content=\"Tiempo de lectura\" \/>\n\t<meta name=\"twitter:data2\" content=\"2 minutos\" \/>\n<script type=\"application\/ld+json\" class=\"yoast-schema-graph\">{\"@context\":\"https:\/\/schema.org\",\"@graph\":[{\"@type\":\"Article\",\"@id\":\"https:\/\/www.tmipal.com\/es\/en-tmi-volvemos-a-estar-de-gira\/#article\",\"isPartOf\":{\"@id\":\"https:\/\/www.tmipal.com\/es\/en-tmi-volvemos-a-estar-de-gira\/\"},\"author\":{\"name\":\"agenciaom\",\"@id\":\"https:\/\/www.tmipal.com\/es\/#\/schema\/person\/5a5a5f9ea15ebe18d70baf7b6887b517\"},\"headline\":\"\u00a1EN TMI VOLVEMOS A ESTAR DE GIRA!\",\"datePublished\":\"2022-11-10T09:44:00+00:00\",\"dateModified\":\"2025-04-22T09:11:06+00:00\",\"mainEntityOfPage\":{\"@id\":\"https:\/\/www.tmipal.com\/es\/en-tmi-volvemos-a-estar-de-gira\/\"},\"wordCount\":335,\"commentCount\":0,\"publisher\":{\"@id\":\"https:\/\/www.tmipal.com\/es\/#organization\"},\"image\":{\"@id\":\"https:\/\/www.tmipal.com\/es\/en-tmi-volvemos-a-estar-de-gira\/#primaryimage\"},\"thumbnailUrl\":\"https:\/\/www.tmipal.com\/wp-content\/uploads\/2025\/02\/ferias_tmi_nov_2.jpeg\",\"articleSection\":[\"Empresa\",\"Eventos\"],\"inLanguage\":\"es\",\"potentialAction\":[{\"@type\":\"CommentAction\",\"name\":\"Comment\",\"target\":[\"https:\/\/www.tmipal.com\/es\/en-tmi-volvemos-a-estar-de-gira\/#respond\"]}]},{\"@type\":\"WebPage\",\"@id\":\"https:\/\/www.tmipal.com\/es\/en-tmi-volvemos-a-estar-de-gira\/\",\"url\":\"https:\/\/www.tmipal.com\/es\/en-tmi-volvemos-a-estar-de-gira\/\",\"name\":\"\u00a1EN TMI VOLVEMOS A ESTAR DE GIRA! | TMI, Ensacado, Paletizado, Protecci\u00f3n de cargas y Pesaje\",\"isPartOf\":{\"@id\":\"https:\/\/www.tmipal.com\/es\/#website\"},\"primaryImageOfPage\":{\"@id\":\"https:\/\/www.tmipal.com\/es\/en-tmi-volvemos-a-estar-de-gira\/#primaryimage\"},\"image\":{\"@id\":\"https:\/\/www.tmipal.com\/es\/en-tmi-volvemos-a-estar-de-gira\/#primaryimage\"},\"thumbnailUrl\":\"https:\/\/www.tmipal.com\/wp-content\/uploads\/2025\/02\/ferias_tmi_nov_2.jpeg\",\"datePublished\":\"2022-11-10T09:44:00+00:00\",\"dateModified\":\"2025-04-22T09:11:06+00:00\",\"description\":\"Este final de a\u00f1o de 2022 ser\u00e1 de sinergia y reencuentros, porque TMI volver\u00e1 a estar de gira: SOLIDS en Amberes, ALL4Pack en Paris y VracTech en Le Mans. \u00bfNos veremos?\",\"breadcrumb\":{\"@id\":\"https:\/\/www.tmipal.com\/es\/en-tmi-volvemos-a-estar-de-gira\/#breadcrumb\"},\"inLanguage\":\"es\",\"potentialAction\":[{\"@type\":\"ReadAction\",\"target\":[\"https:\/\/www.tmipal.com\/es\/en-tmi-volvemos-a-estar-de-gira\/\"]}]},{\"@type\":\"ImageObject\",\"inLanguage\":\"es\",\"@id\":\"https:\/\/www.tmipal.com\/es\/en-tmi-volvemos-a-estar-de-gira\/#primaryimage\",\"url\":\"https:\/\/www.tmipal.com\/wp-content\/uploads\/2025\/02\/ferias_tmi_nov_2.jpeg\",\"contentUrl\":\"https:\/\/www.tmipal.com\/wp-content\/uploads\/2025\/02\/ferias_tmi_nov_2.jpeg\",\"width\":1080,\"height\":536,\"caption\":\"bty\"},{\"@type\":\"BreadcrumbList\",\"@id\":\"https:\/\/www.tmipal.com\/es\/en-tmi-volvemos-a-estar-de-gira\/#breadcrumb\",\"itemListElement\":[{\"@type\":\"ListItem\",\"position\":1,\"name\":\"Home\",\"item\":\"https:\/\/www.tmipal.com\/es\/\"},{\"@type\":\"ListItem\",\"position\":2,\"name\":\"\u00a1EN TMI VOLVEMOS A ESTAR DE GIRA!\"}]},{\"@type\":\"WebSite\",\"@id\":\"https:\/\/www.tmipal.com\/es\/#website\",\"url\":\"https:\/\/www.tmipal.com\/es\/\",\"name\":\"L\u00edneas completas de ensacado, paletizado y enfardado -TMI\",\"description\":\"L\u00edneas completas de ensacado, paletizado y enfardado\",\"publisher\":{\"@id\":\"https:\/\/www.tmipal.com\/es\/#organization\"},\"potentialAction\":[{\"@type\":\"SearchAction\",\"target\":{\"@type\":\"EntryPoint\",\"urlTemplate\":\"https:\/\/www.tmipal.com\/es\/?s={search_term_string}\"},\"query-input\":{\"@type\":\"PropertyValueSpecification\",\"valueRequired\":true,\"valueName\":\"search_term_string\"}}],\"inLanguage\":\"es\"},{\"@type\":\"Organization\",\"@id\":\"https:\/\/www.tmipal.com\/es\/#organization\",\"name\":\"TMI\",\"url\":\"https:\/\/www.tmipal.com\/es\/\",\"logo\":{\"@type\":\"ImageObject\",\"inLanguage\":\"es\",\"@id\":\"https:\/\/www.tmipal.com\/es\/#\/schema\/logo\/image\/\",\"url\":\"https:\/\/www.tmipal.com\/wp-content\/uploads\/2024\/10\/logo-TMI-LLEIDA.png\",\"contentUrl\":\"https:\/\/www.tmipal.com\/wp-content\/uploads\/2024\/10\/logo-TMI-LLEIDA.png\",\"width\":200,\"height\":200,\"caption\":\"TMI\"},\"image\":{\"@id\":\"https:\/\/www.tmipal.com\/es\/#\/schema\/logo\/image\/\"}},{\"@type\":\"Person\",\"@id\":\"https:\/\/www.tmipal.com\/es\/#\/schema\/person\/5a5a5f9ea15ebe18d70baf7b6887b517\",\"name\":\"agenciaom\",\"image\":{\"@type\":\"ImageObject\",\"inLanguage\":\"es\",\"@id\":\"https:\/\/www.tmipal.com\/es\/#\/schema\/person\/image\/\",\"url\":\"https:\/\/secure.gravatar.com\/avatar\/c8cb3e6b8e43c72b0448f84754afe51f9ef829973bbded721f4d9304b9b5a43d?s=96&d=mm&r=g\",\"contentUrl\":\"https:\/\/secure.gravatar.com\/avatar\/c8cb3e6b8e43c72b0448f84754afe51f9ef829973bbded721f4d9304b9b5a43d?s=96&d=mm&r=g\",\"caption\":\"agenciaom\"},\"sameAs\":[\"https:\/\/www.tmipal.com\"],\"url\":\"https:\/\/www.tmipal.com\/es\/author\/agenciaom\/\"}]}<\/script>\n<!-- \/ Yoast SEO plugin. -->","yoast_head_json":{"title":"\u00a1EN TMI VOLVEMOS A ESTAR DE GIRA! | TMI, Ensacado, Paletizado, Protecci\u00f3n de cargas y Pesaje","description":"Este final de a\u00f1o de 2022 ser\u00e1 de sinergia y reencuentros, porque TMI volver\u00e1 a estar de gira: SOLIDS en Amberes, ALL4Pack en Paris y VracTech en Le Mans. \u00bfNos veremos?","robots":{"index":"index","follow":"follow","max-snippet":"max-snippet:-1","max-image-preview":"max-image-preview:large","max-video-preview":"max-video-preview:-1"},"canonical":"https:\/\/www.tmipal.com\/es\/en-tmi-volvemos-a-estar-de-gira\/","og_locale":"es_ES","og_type":"article","og_title":"\u00a1EN TMI VOLVEMOS A ESTAR DE GIRA! | TMI, Ensacado, Paletizado, Protecci\u00f3n de cargas y Pesaje","og_description":"Este final de a\u00f1o de 2022 ser\u00e1 de sinergia y reencuentros, porque TMI volver\u00e1 a estar de gira: SOLIDS en Amberes, ALL4Pack en Paris y VracTech en Le Mans. \u00bfNos veremos?","og_url":"https:\/\/www.tmipal.com\/es\/en-tmi-volvemos-a-estar-de-gira\/","og_site_name":"TMI","article_published_time":"2022-11-10T09:44:00+00:00","article_modified_time":"2025-04-22T09:11:06+00:00","og_image":[{"width":1080,"height":536,"url":"https:\/\/www.tmipal.com\/wp-content\/uploads\/2025\/02\/ferias_tmi_nov_2.jpeg","type":"image\/jpeg"}],"author":"agenciaom","twitter_card":"summary_large_image","twitter_misc":{"Escrito por":"agenciaom","Tiempo de lectura":"2 minutos"},"schema":{"@context":"https:\/\/schema.org","@graph":[{"@type":"Article","@id":"https:\/\/www.tmipal.com\/es\/en-tmi-volvemos-a-estar-de-gira\/#article","isPartOf":{"@id":"https:\/\/www.tmipal.com\/es\/en-tmi-volvemos-a-estar-de-gira\/"},"author":{"name":"agenciaom","@id":"https:\/\/www.tmipal.com\/es\/#\/schema\/person\/5a5a5f9ea15ebe18d70baf7b6887b517"},"headline":"\u00a1EN TMI VOLVEMOS A ESTAR DE GIRA!","datePublished":"2022-11-10T09:44:00+00:00","dateModified":"2025-04-22T09:11:06+00:00","mainEntityOfPage":{"@id":"https:\/\/www.tmipal.com\/es\/en-tmi-volvemos-a-estar-de-gira\/"},"wordCount":335,"commentCount":0,"publisher":{"@id":"https:\/\/www.tmipal.com\/es\/#organization"},"image":{"@id":"https:\/\/www.tmipal.com\/es\/en-tmi-volvemos-a-estar-de-gira\/#primaryimage"},"thumbnailUrl":"https:\/\/www.tmipal.com\/wp-content\/uploads\/2025\/02\/ferias_tmi_nov_2.jpeg","articleSection":["Empresa","Eventos"],"inLanguage":"es","potentialAction":[{"@type":"CommentAction","name":"Comment","target":["https:\/\/www.tmipal.com\/es\/en-tmi-volvemos-a-estar-de-gira\/#respond"]}]},{"@type":"WebPage","@id":"https:\/\/www.tmipal.com\/es\/en-tmi-volvemos-a-estar-de-gira\/","url":"https:\/\/www.tmipal.com\/es\/en-tmi-volvemos-a-estar-de-gira\/","name":"\u00a1EN TMI VOLVEMOS A ESTAR DE GIRA! | TMI, Ensacado, Paletizado, Protecci\u00f3n de cargas y Pesaje","isPartOf":{"@id":"https:\/\/www.tmipal.com\/es\/#website"},"primaryImageOfPage":{"@id":"https:\/\/www.tmipal.com\/es\/en-tmi-volvemos-a-estar-de-gira\/#primaryimage"},"image":{"@id":"https:\/\/www.tmipal.com\/es\/en-tmi-volvemos-a-estar-de-gira\/#primaryimage"},"thumbnailUrl":"https:\/\/www.tmipal.com\/wp-content\/uploads\/2025\/02\/ferias_tmi_nov_2.jpeg","datePublished":"2022-11-10T09:44:00+00:00","dateModified":"2025-04-22T09:11:06+00:00","description":"Este final de a\u00f1o de 2022 ser\u00e1 de sinergia y reencuentros, porque TMI volver\u00e1 a estar de gira: SOLIDS en Amberes, ALL4Pack en Paris y VracTech en Le Mans. \u00bfNos veremos?","breadcrumb":{"@id":"https:\/\/www.tmipal.com\/es\/en-tmi-volvemos-a-estar-de-gira\/#breadcrumb"},"inLanguage":"es","potentialAction":[{"@type":"ReadAction","target":["https:\/\/www.tmipal.com\/es\/en-tmi-volvemos-a-estar-de-gira\/"]}]},{"@type":"ImageObject","inLanguage":"es","@id":"https:\/\/www.tmipal.com\/es\/en-tmi-volvemos-a-estar-de-gira\/#primaryimage","url":"https:\/\/www.tmipal.com\/wp-content\/uploads\/2025\/02\/ferias_tmi_nov_2.jpeg","contentUrl":"https:\/\/www.tmipal.com\/wp-content\/uploads\/2025\/02\/ferias_tmi_nov_2.jpeg","width":1080,"height":536,"caption":"bty"},{"@type":"BreadcrumbList","@id":"https:\/\/www.tmipal.com\/es\/en-tmi-volvemos-a-estar-de-gira\/#breadcrumb","itemListElement":[{"@type":"ListItem","position":1,"name":"Home","item":"https:\/\/www.tmipal.com\/es\/"},{"@type":"ListItem","position":2,"name":"\u00a1EN TMI VOLVEMOS A ESTAR DE GIRA!"}]},{"@type":"WebSite","@id":"https:\/\/www.tmipal.com\/es\/#website","url":"https:\/\/www.tmipal.com\/es\/","name":"L\u00edneas completas de ensacado, paletizado y enfardado -TMI","description":"L\u00edneas completas de ensacado, paletizado y enfardado","publisher":{"@id":"https:\/\/www.tmipal.com\/es\/#organization"},"potentialAction":[{"@type":"SearchAction","target":{"@type":"EntryPoint","urlTemplate":"https:\/\/www.tmipal.com\/es\/?s={search_term_string}"},"query-input":{"@type":"PropertyValueSpecification","valueRequired":true,"valueName":"search_term_string"}}],"inLanguage":"es"},{"@type":"Organization","@id":"https:\/\/www.tmipal.com\/es\/#organization","name":"TMI","url":"https:\/\/www.tmipal.com\/es\/","logo":{"@type":"ImageObject","inLanguage":"es","@id":"https:\/\/www.tmipal.com\/es\/#\/schema\/logo\/image\/","url":"https:\/\/www.tmipal.com\/wp-content\/uploads\/2024\/10\/logo-TMI-LLEIDA.png","contentUrl":"https:\/\/www.tmipal.com\/wp-content\/uploads\/2024\/10\/logo-TMI-LLEIDA.png","width":200,"height":200,"caption":"TMI"},"image":{"@id":"https:\/\/www.tmipal.com\/es\/#\/schema\/logo\/image\/"}},{"@type":"Person","@id":"https:\/\/www.tmipal.com\/es\/#\/schema\/person\/5a5a5f9ea15ebe18d70baf7b6887b517","name":"agenciaom","image":{"@type":"ImageObject","inLanguage":"es","@id":"https:\/\/www.tmipal.com\/es\/#\/schema\/person\/image\/","url":"https:\/\/secure.gravatar.com\/avatar\/c8cb3e6b8e43c72b0448f84754afe51f9ef829973bbded721f4d9304b9b5a43d?s=96&d=mm&r=g","contentUrl":"https:\/\/secure.gravatar.com\/avatar\/c8cb3e6b8e43c72b0448f84754afe51f9ef829973bbded721f4d9304b9b5a43d?s=96&d=mm&r=g","caption":"agenciaom"},"sameAs":["https:\/\/www.tmipal.com"],"url":"https:\/\/www.tmipal.com\/es\/author\/agenciaom\/"}]}},"_links":{"self":[{"href":"https:\/\/www.tmipal.com\/es\/wp-json\/wp\/v2\/posts\/1254","targetHints":{"allow":["GET"]}}],"collection":[{"href":"https:\/\/www.tmipal.com\/es\/wp-json\/wp\/v2\/posts"}],"about":[{"href":"https:\/\/www.tmipal.com\/es\/wp-json\/wp\/v2\/types\/post"}],"author":[{"embeddable":true,"href":"https:\/\/www.tmipal.com\/es\/wp-json\/wp\/v2\/users\/1"}],"replies":[{"embeddable":true,"href":"https:\/\/www.tmipal.com\/es\/wp-json\/wp\/v2\/comments?post=1254"}],"version-history":[{"count":1,"href":"https:\/\/www.tmipal.com\/es\/wp-json\/wp\/v2\/posts\/1254\/revisions"}],"predecessor-version":[{"id":1260,"href":"https:\/\/www.tmipal.com\/es\/wp-json\/wp\/v2\/posts\/1254\/revisions\/1260"}],"wp:featuredmedia":[{"embeddable":true,"href":"https:\/\/www.tmipal.com\/es\/wp-json\/wp\/v2\/media\/1255"}],"wp:attachment":[{"href":"https:\/\/www.tmipal.com\/es\/wp-json\/wp\/v2\/media?parent=1254"}],"wp:term":[{"taxonomy":"category","embeddable":true,"href":"https:\/\/www.tmipal.com\/es\/wp-json\/wp\/v2\/categories?post=1254"},{"taxonomy":"post_tag","embeddable":true,"href":"https:\/\/www.tmipal.com\/es\/wp-json\/wp\/v2\/tags?post=1254"}],"curies":[{"name":"wp","href":"https:\/\/api.w.org\/{rel}","templated":true}]}}