{"id":1475,"date":"2020-10-09T10:38:00","date_gmt":"2020-10-09T10:38:00","guid":{"rendered":"https:\/\/www.tmipal.com\/?p=1475"},"modified":"2025-04-22T10:13:13","modified_gmt":"2025-04-22T10:13:13","slug":"tmi-presenta-su-nueva-imagen-corporativa-estrenando-web-catalogo-y-video-de-empresa","status":"publish","type":"post","link":"https:\/\/www.tmipal.com\/es\/nueva-imagen-corporativa-ensacado-paletizado-enfardado\/","title":{"rendered":"TMI PRESENTA SU NUEVA IMAGEN CORPORATIVA ESTRENANDO WEB, CAT\u00c1LOGO Y V\u00cdDEO DE EMPRESA"},"content":{"rendered":"\n<p>Este a\u00f1o 2020 en que TMI cumple 20 a\u00f1os, la empresa ha decidido renovar su imagen para reflejar claramente sus valores humanos, a la vez que presentarse como un fabricante puntero de tecnolog\u00eda de ensacado, paletizado y enfardado.<\/p>\n\n\n\n<p>Por ello, el concepto principal alrededor del cual gira la campa\u00f1a es el hecho de que solo en estrecha cooperaci\u00f3n con los clientes, los distribuidores y los proveedores a nivel mundial, se puede alcanzar la cima, es decir la excelencia.<\/p>\n\n\n\n<p>Todos los integrantes del equipo de TMI son conscientes de que, para concluir un proyecto con \u00e9xito, hay que alcanzar los objetivos del cliente y que, para lograrlo, la cooperaci\u00f3n activa es la clave. Con este concepto en mente, se ha optado por presentar una imagen rodeada de naturaleza en la que un padre y una hija son los protagonistas; pues, igual que pasa en los proyectos de maquinaria industrial, en la monta\u00f1a es importante ir de la mano de aquellas personas con experiencia, que nos pueden guiar en los caminos y en los momentos de incertidumbre. Y a la vez es importante tener esa frescura y esas ganas para conseguir sacar los mejores resultados. Por todo ello, los protagonistas de esta nueva imagen unen experiencia y ganas para conseguir su objetivo: la cima de la monta\u00f1a.<\/p>\n\n\n\n<p>Por supuesto no faltan las referencias tecnol\u00f3gicas, ni una renovaci\u00f3n en la manera de presentar los productos en la nueva web, que ahora disponen de fichas t\u00e9cnicas para descargar, y muchas m\u00e1s im\u00e1genes de referencia.<\/p>\n\n\n\n<p>Otro factor que destacar es la mejora en el acceso a presupuestos para cada soluci\u00f3n y la facilidad en el contacto con la empresa.<\/p>\n\n\n\n<p>Con este cambio TMI espera poder llegar a un mayor p\u00fablico de una manera m\u00e1s efectiva y clara que hasta ahora.<\/p>\n","protected":false},"excerpt":{"rendered":"<p>Este a\u00f1o 2020 en que TMI cumple 20 a\u00f1os, la empresa ha decidido renovar su imagen para reflejar claramente sus valores humanos, a la vez que presentarse como un fabricante puntero de tecnolog\u00eda de ensacado, paletizado y enfardado.<\/p>\n","protected":false},"author":1,"featured_media":1476,"comment_status":"open","ping_status":"open","sticky":false,"template":"","format":"standard","meta":{"_acf_changed":false,"_monsterinsights_skip_tracking":false,"_monsterinsights_sitenote_active":false,"_monsterinsights_sitenote_note":"","_monsterinsights_sitenote_category":0,"_uf_show_specific_survey":0,"_uf_disable_surveys":false,"footnotes":""},"categories":[118],"tags":[],"class_list":["post-1475","post","type-post","status-publish","format-standard","has-post-thumbnail","hentry","category-empresa"],"acf":[],"yoast_head":"<!-- This site is optimized with the Yoast SEO plugin v26.8 - https:\/\/yoast.com\/product\/yoast-seo-wordpress\/ -->\n<title>TMI cumple 20 a\u00f1os - Ensacado y paletizado<\/title>\n<meta name=\"description\" content=\"La empresa ha decidido renovar su imagen a la vez que presentarse como un fabricante puntero de tecnolog\u00eda de ensacado, paletizado y enfardado.\" \/>\n<meta name=\"robots\" content=\"index, follow, max-snippet:-1, max-image-preview:large, max-video-preview:-1\" \/>\n<link rel=\"canonical\" href=\"https:\/\/www.tmipal.com\/es\/nueva-imagen-corporativa-ensacado-paletizado-enfardado\/\" \/>\n<meta property=\"og:locale\" content=\"es_ES\" \/>\n<meta property=\"og:type\" content=\"article\" \/>\n<meta property=\"og:title\" content=\"TMI cumple 20 a\u00f1os - Ensacado y paletizado\" \/>\n<meta property=\"og:description\" content=\"La empresa ha decidido renovar su imagen a la vez que presentarse como un fabricante puntero de tecnolog\u00eda de ensacado, paletizado y enfardado.\" \/>\n<meta property=\"og:url\" content=\"https:\/\/www.tmipal.com\/es\/nueva-imagen-corporativa-ensacado-paletizado-enfardado\/\" \/>\n<meta property=\"og:site_name\" content=\"TMI\" \/>\n<meta property=\"article:published_time\" content=\"2020-10-09T10:38:00+00:00\" \/>\n<meta property=\"article:modified_time\" content=\"2025-04-22T10:13:13+00:00\" \/>\n<meta property=\"og:image\" content=\"https:\/\/www.tmipal.com\/wp-content\/uploads\/2025\/02\/tmi-nueva-web-ensacado-paletizado.jpeg\" \/>\n\t<meta property=\"og:image:width\" content=\"800\" \/>\n\t<meta property=\"og:image:height\" content=\"533\" \/>\n\t<meta property=\"og:image:type\" content=\"image\/jpeg\" \/>\n<meta name=\"author\" content=\"agenciaom\" \/>\n<meta name=\"twitter:card\" content=\"summary_large_image\" \/>\n<meta name=\"twitter:label1\" content=\"Escrito por\" \/>\n\t<meta name=\"twitter:data1\" content=\"agenciaom\" \/>\n\t<meta name=\"twitter:label2\" content=\"Tiempo de lectura\" \/>\n\t<meta name=\"twitter:data2\" content=\"2 minutos\" \/>\n<script type=\"application\/ld+json\" class=\"yoast-schema-graph\">{\"@context\":\"https:\/\/schema.org\",\"@graph\":[{\"@type\":\"Article\",\"@id\":\"https:\/\/www.tmipal.com\/es\/nueva-imagen-corporativa-ensacado-paletizado-enfardado\/#article\",\"isPartOf\":{\"@id\":\"https:\/\/www.tmipal.com\/es\/nueva-imagen-corporativa-ensacado-paletizado-enfardado\/\"},\"author\":{\"name\":\"agenciaom\",\"@id\":\"https:\/\/www.tmipal.com\/es\/#\/schema\/person\/5a5a5f9ea15ebe18d70baf7b6887b517\"},\"headline\":\"TMI PRESENTA SU NUEVA IMAGEN CORPORATIVA ESTRENANDO WEB, CAT\u00c1LOGO Y V\u00cdDEO DE EMPRESA\",\"datePublished\":\"2020-10-09T10:38:00+00:00\",\"dateModified\":\"2025-04-22T10:13:13+00:00\",\"mainEntityOfPage\":{\"@id\":\"https:\/\/www.tmipal.com\/es\/nueva-imagen-corporativa-ensacado-paletizado-enfardado\/\"},\"wordCount\":324,\"commentCount\":0,\"publisher\":{\"@id\":\"https:\/\/www.tmipal.com\/es\/#organization\"},\"image\":{\"@id\":\"https:\/\/www.tmipal.com\/es\/nueva-imagen-corporativa-ensacado-paletizado-enfardado\/#primaryimage\"},\"thumbnailUrl\":\"https:\/\/www.tmipal.com\/wp-content\/uploads\/2025\/02\/tmi-nueva-web-ensacado-paletizado.jpeg\",\"articleSection\":[\"Empresa\"],\"inLanguage\":\"es\",\"potentialAction\":[{\"@type\":\"CommentAction\",\"name\":\"Comment\",\"target\":[\"https:\/\/www.tmipal.com\/es\/nueva-imagen-corporativa-ensacado-paletizado-enfardado\/#respond\"]}]},{\"@type\":\"WebPage\",\"@id\":\"https:\/\/www.tmipal.com\/es\/nueva-imagen-corporativa-ensacado-paletizado-enfardado\/\",\"url\":\"https:\/\/www.tmipal.com\/es\/nueva-imagen-corporativa-ensacado-paletizado-enfardado\/\",\"name\":\"TMI cumple 20 a\u00f1os - Ensacado y paletizado\",\"isPartOf\":{\"@id\":\"https:\/\/www.tmipal.com\/es\/#website\"},\"primaryImageOfPage\":{\"@id\":\"https:\/\/www.tmipal.com\/es\/nueva-imagen-corporativa-ensacado-paletizado-enfardado\/#primaryimage\"},\"image\":{\"@id\":\"https:\/\/www.tmipal.com\/es\/nueva-imagen-corporativa-ensacado-paletizado-enfardado\/#primaryimage\"},\"thumbnailUrl\":\"https:\/\/www.tmipal.com\/wp-content\/uploads\/2025\/02\/tmi-nueva-web-ensacado-paletizado.jpeg\",\"datePublished\":\"2020-10-09T10:38:00+00:00\",\"dateModified\":\"2025-04-22T10:13:13+00:00\",\"description\":\"La empresa ha decidido renovar su imagen a la vez que presentarse como un fabricante puntero de tecnolog\u00eda de ensacado, paletizado y enfardado.\",\"breadcrumb\":{\"@id\":\"https:\/\/www.tmipal.com\/es\/nueva-imagen-corporativa-ensacado-paletizado-enfardado\/#breadcrumb\"},\"inLanguage\":\"es\",\"potentialAction\":[{\"@type\":\"ReadAction\",\"target\":[\"https:\/\/www.tmipal.com\/es\/nueva-imagen-corporativa-ensacado-paletizado-enfardado\/\"]}]},{\"@type\":\"ImageObject\",\"inLanguage\":\"es\",\"@id\":\"https:\/\/www.tmipal.com\/es\/nueva-imagen-corporativa-ensacado-paletizado-enfardado\/#primaryimage\",\"url\":\"https:\/\/www.tmipal.com\/wp-content\/uploads\/2025\/02\/tmi-nueva-web-ensacado-paletizado.jpeg\",\"contentUrl\":\"https:\/\/www.tmipal.com\/wp-content\/uploads\/2025\/02\/tmi-nueva-web-ensacado-paletizado.jpeg\",\"width\":800,\"height\":533},{\"@type\":\"BreadcrumbList\",\"@id\":\"https:\/\/www.tmipal.com\/es\/nueva-imagen-corporativa-ensacado-paletizado-enfardado\/#breadcrumb\",\"itemListElement\":[{\"@type\":\"ListItem\",\"position\":1,\"name\":\"Home\",\"item\":\"https:\/\/www.tmipal.com\/es\/\"},{\"@type\":\"ListItem\",\"position\":2,\"name\":\"TMI PRESENTA SU NUEVA IMAGEN CORPORATIVA ESTRENANDO WEB, CAT\u00c1LOGO Y V\u00cdDEO DE EMPRESA\"}]},{\"@type\":\"WebSite\",\"@id\":\"https:\/\/www.tmipal.com\/es\/#website\",\"url\":\"https:\/\/www.tmipal.com\/es\/\",\"name\":\"L\u00edneas completas de ensacado, paletizado y enfardado -TMI\",\"description\":\"L\u00edneas completas de ensacado, paletizado y enfardado\",\"publisher\":{\"@id\":\"https:\/\/www.tmipal.com\/es\/#organization\"},\"potentialAction\":[{\"@type\":\"SearchAction\",\"target\":{\"@type\":\"EntryPoint\",\"urlTemplate\":\"https:\/\/www.tmipal.com\/es\/?s={search_term_string}\"},\"query-input\":{\"@type\":\"PropertyValueSpecification\",\"valueRequired\":true,\"valueName\":\"search_term_string\"}}],\"inLanguage\":\"es\"},{\"@type\":\"Organization\",\"@id\":\"https:\/\/www.tmipal.com\/es\/#organization\",\"name\":\"TMI\",\"url\":\"https:\/\/www.tmipal.com\/es\/\",\"logo\":{\"@type\":\"ImageObject\",\"inLanguage\":\"es\",\"@id\":\"https:\/\/www.tmipal.com\/es\/#\/schema\/logo\/image\/\",\"url\":\"https:\/\/www.tmipal.com\/wp-content\/uploads\/2024\/10\/logo-TMI-LLEIDA.png\",\"contentUrl\":\"https:\/\/www.tmipal.com\/wp-content\/uploads\/2024\/10\/logo-TMI-LLEIDA.png\",\"width\":200,\"height\":200,\"caption\":\"TMI\"},\"image\":{\"@id\":\"https:\/\/www.tmipal.com\/es\/#\/schema\/logo\/image\/\"}},{\"@type\":\"Person\",\"@id\":\"https:\/\/www.tmipal.com\/es\/#\/schema\/person\/5a5a5f9ea15ebe18d70baf7b6887b517\",\"name\":\"agenciaom\",\"image\":{\"@type\":\"ImageObject\",\"inLanguage\":\"es\",\"@id\":\"https:\/\/www.tmipal.com\/es\/#\/schema\/person\/image\/\",\"url\":\"https:\/\/secure.gravatar.com\/avatar\/c8cb3e6b8e43c72b0448f84754afe51f9ef829973bbded721f4d9304b9b5a43d?s=96&d=mm&r=g\",\"contentUrl\":\"https:\/\/secure.gravatar.com\/avatar\/c8cb3e6b8e43c72b0448f84754afe51f9ef829973bbded721f4d9304b9b5a43d?s=96&d=mm&r=g\",\"caption\":\"agenciaom\"},\"sameAs\":[\"https:\/\/www.tmipal.com\"],\"url\":\"https:\/\/www.tmipal.com\/es\/author\/agenciaom\/\"}]}<\/script>\n<!-- \/ Yoast SEO plugin. -->","yoast_head_json":{"title":"TMI cumple 20 a\u00f1os - Ensacado y paletizado","description":"La empresa ha decidido renovar su imagen a la vez que presentarse como un fabricante puntero de tecnolog\u00eda de ensacado, paletizado y enfardado.","robots":{"index":"index","follow":"follow","max-snippet":"max-snippet:-1","max-image-preview":"max-image-preview:large","max-video-preview":"max-video-preview:-1"},"canonical":"https:\/\/www.tmipal.com\/es\/nueva-imagen-corporativa-ensacado-paletizado-enfardado\/","og_locale":"es_ES","og_type":"article","og_title":"TMI cumple 20 a\u00f1os - Ensacado y paletizado","og_description":"La empresa ha decidido renovar su imagen a la vez que presentarse como un fabricante puntero de tecnolog\u00eda de ensacado, paletizado y enfardado.","og_url":"https:\/\/www.tmipal.com\/es\/nueva-imagen-corporativa-ensacado-paletizado-enfardado\/","og_site_name":"TMI","article_published_time":"2020-10-09T10:38:00+00:00","article_modified_time":"2025-04-22T10:13:13+00:00","og_image":[{"width":800,"height":533,"url":"https:\/\/www.tmipal.com\/wp-content\/uploads\/2025\/02\/tmi-nueva-web-ensacado-paletizado.jpeg","type":"image\/jpeg"}],"author":"agenciaom","twitter_card":"summary_large_image","twitter_misc":{"Escrito por":"agenciaom","Tiempo de lectura":"2 minutos"},"schema":{"@context":"https:\/\/schema.org","@graph":[{"@type":"Article","@id":"https:\/\/www.tmipal.com\/es\/nueva-imagen-corporativa-ensacado-paletizado-enfardado\/#article","isPartOf":{"@id":"https:\/\/www.tmipal.com\/es\/nueva-imagen-corporativa-ensacado-paletizado-enfardado\/"},"author":{"name":"agenciaom","@id":"https:\/\/www.tmipal.com\/es\/#\/schema\/person\/5a5a5f9ea15ebe18d70baf7b6887b517"},"headline":"TMI PRESENTA SU NUEVA IMAGEN CORPORATIVA ESTRENANDO WEB, CAT\u00c1LOGO Y V\u00cdDEO DE EMPRESA","datePublished":"2020-10-09T10:38:00+00:00","dateModified":"2025-04-22T10:13:13+00:00","mainEntityOfPage":{"@id":"https:\/\/www.tmipal.com\/es\/nueva-imagen-corporativa-ensacado-paletizado-enfardado\/"},"wordCount":324,"commentCount":0,"publisher":{"@id":"https:\/\/www.tmipal.com\/es\/#organization"},"image":{"@id":"https:\/\/www.tmipal.com\/es\/nueva-imagen-corporativa-ensacado-paletizado-enfardado\/#primaryimage"},"thumbnailUrl":"https:\/\/www.tmipal.com\/wp-content\/uploads\/2025\/02\/tmi-nueva-web-ensacado-paletizado.jpeg","articleSection":["Empresa"],"inLanguage":"es","potentialAction":[{"@type":"CommentAction","name":"Comment","target":["https:\/\/www.tmipal.com\/es\/nueva-imagen-corporativa-ensacado-paletizado-enfardado\/#respond"]}]},{"@type":"WebPage","@id":"https:\/\/www.tmipal.com\/es\/nueva-imagen-corporativa-ensacado-paletizado-enfardado\/","url":"https:\/\/www.tmipal.com\/es\/nueva-imagen-corporativa-ensacado-paletizado-enfardado\/","name":"TMI cumple 20 a\u00f1os - Ensacado y paletizado","isPartOf":{"@id":"https:\/\/www.tmipal.com\/es\/#website"},"primaryImageOfPage":{"@id":"https:\/\/www.tmipal.com\/es\/nueva-imagen-corporativa-ensacado-paletizado-enfardado\/#primaryimage"},"image":{"@id":"https:\/\/www.tmipal.com\/es\/nueva-imagen-corporativa-ensacado-paletizado-enfardado\/#primaryimage"},"thumbnailUrl":"https:\/\/www.tmipal.com\/wp-content\/uploads\/2025\/02\/tmi-nueva-web-ensacado-paletizado.jpeg","datePublished":"2020-10-09T10:38:00+00:00","dateModified":"2025-04-22T10:13:13+00:00","description":"La empresa ha decidido renovar su imagen a la vez que presentarse como un fabricante puntero de tecnolog\u00eda de ensacado, paletizado y enfardado.","breadcrumb":{"@id":"https:\/\/www.tmipal.com\/es\/nueva-imagen-corporativa-ensacado-paletizado-enfardado\/#breadcrumb"},"inLanguage":"es","potentialAction":[{"@type":"ReadAction","target":["https:\/\/www.tmipal.com\/es\/nueva-imagen-corporativa-ensacado-paletizado-enfardado\/"]}]},{"@type":"ImageObject","inLanguage":"es","@id":"https:\/\/www.tmipal.com\/es\/nueva-imagen-corporativa-ensacado-paletizado-enfardado\/#primaryimage","url":"https:\/\/www.tmipal.com\/wp-content\/uploads\/2025\/02\/tmi-nueva-web-ensacado-paletizado.jpeg","contentUrl":"https:\/\/www.tmipal.com\/wp-content\/uploads\/2025\/02\/tmi-nueva-web-ensacado-paletizado.jpeg","width":800,"height":533},{"@type":"BreadcrumbList","@id":"https:\/\/www.tmipal.com\/es\/nueva-imagen-corporativa-ensacado-paletizado-enfardado\/#breadcrumb","itemListElement":[{"@type":"ListItem","position":1,"name":"Home","item":"https:\/\/www.tmipal.com\/es\/"},{"@type":"ListItem","position":2,"name":"TMI PRESENTA SU NUEVA IMAGEN CORPORATIVA ESTRENANDO WEB, CAT\u00c1LOGO Y V\u00cdDEO DE EMPRESA"}]},{"@type":"WebSite","@id":"https:\/\/www.tmipal.com\/es\/#website","url":"https:\/\/www.tmipal.com\/es\/","name":"L\u00edneas completas de ensacado, paletizado y enfardado -TMI","description":"L\u00edneas completas de ensacado, paletizado y enfardado","publisher":{"@id":"https:\/\/www.tmipal.com\/es\/#organization"},"potentialAction":[{"@type":"SearchAction","target":{"@type":"EntryPoint","urlTemplate":"https:\/\/www.tmipal.com\/es\/?s={search_term_string}"},"query-input":{"@type":"PropertyValueSpecification","valueRequired":true,"valueName":"search_term_string"}}],"inLanguage":"es"},{"@type":"Organization","@id":"https:\/\/www.tmipal.com\/es\/#organization","name":"TMI","url":"https:\/\/www.tmipal.com\/es\/","logo":{"@type":"ImageObject","inLanguage":"es","@id":"https:\/\/www.tmipal.com\/es\/#\/schema\/logo\/image\/","url":"https:\/\/www.tmipal.com\/wp-content\/uploads\/2024\/10\/logo-TMI-LLEIDA.png","contentUrl":"https:\/\/www.tmipal.com\/wp-content\/uploads\/2024\/10\/logo-TMI-LLEIDA.png","width":200,"height":200,"caption":"TMI"},"image":{"@id":"https:\/\/www.tmipal.com\/es\/#\/schema\/logo\/image\/"}},{"@type":"Person","@id":"https:\/\/www.tmipal.com\/es\/#\/schema\/person\/5a5a5f9ea15ebe18d70baf7b6887b517","name":"agenciaom","image":{"@type":"ImageObject","inLanguage":"es","@id":"https:\/\/www.tmipal.com\/es\/#\/schema\/person\/image\/","url":"https:\/\/secure.gravatar.com\/avatar\/c8cb3e6b8e43c72b0448f84754afe51f9ef829973bbded721f4d9304b9b5a43d?s=96&d=mm&r=g","contentUrl":"https:\/\/secure.gravatar.com\/avatar\/c8cb3e6b8e43c72b0448f84754afe51f9ef829973bbded721f4d9304b9b5a43d?s=96&d=mm&r=g","caption":"agenciaom"},"sameAs":["https:\/\/www.tmipal.com"],"url":"https:\/\/www.tmipal.com\/es\/author\/agenciaom\/"}]}},"_links":{"self":[{"href":"https:\/\/www.tmipal.com\/es\/wp-json\/wp\/v2\/posts\/1475","targetHints":{"allow":["GET"]}}],"collection":[{"href":"https:\/\/www.tmipal.com\/es\/wp-json\/wp\/v2\/posts"}],"about":[{"href":"https:\/\/www.tmipal.com\/es\/wp-json\/wp\/v2\/types\/post"}],"author":[{"embeddable":true,"href":"https:\/\/www.tmipal.com\/es\/wp-json\/wp\/v2\/users\/1"}],"replies":[{"embeddable":true,"href":"https:\/\/www.tmipal.com\/es\/wp-json\/wp\/v2\/comments?post=1475"}],"version-history":[{"count":1,"href":"https:\/\/www.tmipal.com\/es\/wp-json\/wp\/v2\/posts\/1475\/revisions"}],"predecessor-version":[{"id":1481,"href":"https:\/\/www.tmipal.com\/es\/wp-json\/wp\/v2\/posts\/1475\/revisions\/1481"}],"wp:featuredmedia":[{"embeddable":true,"href":"https:\/\/www.tmipal.com\/es\/wp-json\/wp\/v2\/media\/1476"}],"wp:attachment":[{"href":"https:\/\/www.tmipal.com\/es\/wp-json\/wp\/v2\/media?parent=1475"}],"wp:term":[{"taxonomy":"category","embeddable":true,"href":"https:\/\/www.tmipal.com\/es\/wp-json\/wp\/v2\/categories?post=1475"},{"taxonomy":"post_tag","embeddable":true,"href":"https:\/\/www.tmipal.com\/es\/wp-json\/wp\/v2\/tags?post=1475"}],"curies":[{"name":"wp","href":"https:\/\/api.w.org\/{rel}","templated":true}]}}