{"id":1872,"date":"2019-10-22T10:45:00","date_gmt":"2019-10-22T08:45:00","guid":{"rendered":"https:\/\/www.tmipal.com\/tmi-participa-en-la-vi-inmersion-estrategica\/"},"modified":"2025-03-07T09:15:55","modified_gmt":"2025-03-07T09:15:55","slug":"tmi-participa-en-la-vi-inmersion-estrategica","status":"publish","type":"post","link":"https:\/\/www.tmipal.com\/fr\/tmi-participe-a-la-vieme-inmersion-estrategica\/","title":{"rendered":"TMI PARTICIPE \u00c0 LA VI\u00c8ME INMERSI\u00d3N ESTRAT\u00c9GICA"},"content":{"rendered":"\n<p><strong>Plus de 100 professionnels de l\u2019industrie de l\u2019emballage espagnole se sont trouv\u00e9s les derniers 18 et 19 d\u2019octobre \u00e0 Sant Cugat del Vall\u00e8s (Barcelona) pendant le rencontre annuel Inmersi\u00f3n Estrat\u00e9gica organis\u00e9e par le Cluster Packaging.<\/strong><\/p>\n\n\n\n<p>\u00c0 travers de diff\u00e9rentes conf\u00e9rences, tables rondes et ateliers innovatives, comme le Gamestorming, cet \u00e9v\u00e8nement a couvert quatre th\u00e9matiques diff\u00e9rentes : Economie circulaire, Gestion et m\u00e9thodes d\u2019innovation, strat\u00e9gies de march\u00e9 et tendances, et finalement nouvelles opportunit\u00e9s commerciales.<\/p>\n\n\n\n<p>TMI y a particip\u00e9 comme membre du Cluster Packaging et a \u00e9t\u00e9 repr\u00e9sent\u00e9e par son Directeur g\u00e9n\u00e9ral M. Joan Caba, qui a accord\u00e9 l\u2019importance d\u2019avoir l\u2019opportunit\u00e9 d\u2019impulser des id\u00e9es, partager des exp\u00e9riences et \u00e9changer des d\u00e9fis strat\u00e9giques du secteur avec d\u2019autres soci\u00e9t\u00e9s synerg\u00e9tiques.<\/p>\n","protected":false},"excerpt":{"rendered":"<p>Plus de 100 professionnels de l\u2019industrie de l\u2019emballage espagnole se sont trouv\u00e9s les derniers 18 et 19 d\u2019octobre \u00e0 Sant Cugat del Vall\u00e8s (Barcelona) pendant le rencontre annuel Inmersi\u00f3n Estrat\u00e9gica organis\u00e9e par le Cluster Packaging.<\/p>\n","protected":false},"author":1,"featured_media":1520,"comment_status":"open","ping_status":"open","sticky":false,"template":"","format":"standard","meta":{"_acf_changed":false,"_monsterinsights_skip_tracking":false,"_monsterinsights_sitenote_active":false,"_monsterinsights_sitenote_note":"","_monsterinsights_sitenote_category":0,"_uf_show_specific_survey":0,"_uf_disable_surveys":false,"footnotes":""},"categories":[137],"tags":[],"class_list":["post-1872","post","type-post","status-publish","format-standard","has-post-thumbnail","hentry","category-solutions"],"acf":[],"yoast_head":"<!-- This site is optimized with the Yoast SEO plugin v26.8 - https:\/\/yoast.com\/product\/yoast-seo-wordpress\/ -->\n<title>TMI PARTICIPE \u00c0 LA VI\u00c8ME INMERSI\u00d3N ESTRAT\u00c9GICA - TMI<\/title>\n<meta name=\"robots\" content=\"index, follow, max-snippet:-1, max-image-preview:large, max-video-preview:-1\" \/>\n<link rel=\"canonical\" href=\"https:\/\/www.tmipal.com\/fr\/tmi-participe-a-la-vieme-inmersion-estrategica\/\" \/>\n<meta property=\"og:locale\" content=\"fr_FR\" \/>\n<meta property=\"og:type\" content=\"article\" \/>\n<meta property=\"og:title\" content=\"TMI PARTICIPE \u00c0 LA VI\u00c8ME INMERSI\u00d3N ESTRAT\u00c9GICA - TMI\" \/>\n<meta property=\"og:description\" content=\"Plus de 100 professionnels de l\u2019industrie de l\u2019emballage espagnole se sont trouv\u00e9s les derniers 18 et 19 d\u2019octobre \u00e0 Sant Cugat del Vall\u00e8s (Barcelona) pendant le rencontre annuel Inmersi\u00f3n Estrat\u00e9gica organis\u00e9e par le Cluster Packaging.\" \/>\n<meta property=\"og:url\" content=\"https:\/\/www.tmipal.com\/fr\/tmi-participe-a-la-vieme-inmersion-estrategica\/\" \/>\n<meta property=\"og:site_name\" content=\"TMI\" \/>\n<meta property=\"article:published_time\" content=\"2019-10-22T08:45:00+00:00\" \/>\n<meta property=\"article:modified_time\" content=\"2025-03-07T09:15:55+00:00\" \/>\n<meta property=\"og:image\" content=\"https:\/\/www.tmipal.com\/wp-content\/uploads\/2025\/02\/foto_1_-_foto_de_grupo_inmersion_estrategica_2018_petita_0.jpeg\" \/>\n\t<meta property=\"og:image:width\" content=\"1000\" \/>\n\t<meta property=\"og:image:height\" content=\"423\" \/>\n\t<meta property=\"og:image:type\" content=\"image\/jpeg\" \/>\n<meta name=\"author\" content=\"agenciaom\" \/>\n<meta name=\"twitter:card\" content=\"summary_large_image\" \/>\n<meta name=\"twitter:label1\" content=\"Written by\" \/>\n\t<meta name=\"twitter:data1\" content=\"agenciaom\" \/>\n\t<meta name=\"twitter:label2\" content=\"Est. reading time\" \/>\n\t<meta name=\"twitter:data2\" content=\"1 minute\" \/>\n<script type=\"application\/ld+json\" class=\"yoast-schema-graph\">{\"@context\":\"https:\/\/schema.org\",\"@graph\":[{\"@type\":\"Article\",\"@id\":\"https:\/\/www.tmipal.com\/fr\/tmi-participe-a-la-vieme-inmersion-estrategica\/#article\",\"isPartOf\":{\"@id\":\"https:\/\/www.tmipal.com\/fr\/tmi-participe-a-la-vieme-inmersion-estrategica\/\"},\"author\":{\"name\":\"agenciaom\",\"@id\":\"https:\/\/www.tmipal.com\/fr\/#\/schema\/person\/5a5a5f9ea15ebe18d70baf7b6887b517\"},\"headline\":\"TMI PARTICIPE \u00c0 LA VI\u00c8ME INMERSI\u00d3N ESTRAT\u00c9GICA\",\"datePublished\":\"2019-10-22T08:45:00+00:00\",\"dateModified\":\"2025-03-07T09:15:55+00:00\",\"mainEntityOfPage\":{\"@id\":\"https:\/\/www.tmipal.com\/fr\/tmi-participe-a-la-vieme-inmersion-estrategica\/\"},\"wordCount\":151,\"commentCount\":0,\"publisher\":{\"@id\":\"https:\/\/www.tmipal.com\/fr\/#organization\"},\"image\":{\"@id\":\"https:\/\/www.tmipal.com\/fr\/tmi-participe-a-la-vieme-inmersion-estrategica\/#primaryimage\"},\"thumbnailUrl\":\"https:\/\/www.tmipal.com\/wp-content\/uploads\/2025\/02\/foto_1_-_foto_de_grupo_inmersion_estrategica_2018_petita_0.jpeg\",\"articleSection\":[\"Solutions\"],\"inLanguage\":\"fr-FR\",\"potentialAction\":[{\"@type\":\"CommentAction\",\"name\":\"Comment\",\"target\":[\"https:\/\/www.tmipal.com\/fr\/tmi-participe-a-la-vieme-inmersion-estrategica\/#respond\"]}]},{\"@type\":\"WebPage\",\"@id\":\"https:\/\/www.tmipal.com\/fr\/tmi-participe-a-la-vieme-inmersion-estrategica\/\",\"url\":\"https:\/\/www.tmipal.com\/fr\/tmi-participe-a-la-vieme-inmersion-estrategica\/\",\"name\":\"TMI PARTICIPE \u00c0 LA VI\u00c8ME INMERSI\u00d3N ESTRAT\u00c9GICA - TMI\",\"isPartOf\":{\"@id\":\"https:\/\/www.tmipal.com\/fr\/#website\"},\"primaryImageOfPage\":{\"@id\":\"https:\/\/www.tmipal.com\/fr\/tmi-participe-a-la-vieme-inmersion-estrategica\/#primaryimage\"},\"image\":{\"@id\":\"https:\/\/www.tmipal.com\/fr\/tmi-participe-a-la-vieme-inmersion-estrategica\/#primaryimage\"},\"thumbnailUrl\":\"https:\/\/www.tmipal.com\/wp-content\/uploads\/2025\/02\/foto_1_-_foto_de_grupo_inmersion_estrategica_2018_petita_0.jpeg\",\"datePublished\":\"2019-10-22T08:45:00+00:00\",\"dateModified\":\"2025-03-07T09:15:55+00:00\",\"breadcrumb\":{\"@id\":\"https:\/\/www.tmipal.com\/fr\/tmi-participe-a-la-vieme-inmersion-estrategica\/#breadcrumb\"},\"inLanguage\":\"fr-FR\",\"potentialAction\":[{\"@type\":\"ReadAction\",\"target\":[\"https:\/\/www.tmipal.com\/fr\/tmi-participe-a-la-vieme-inmersion-estrategica\/\"]}]},{\"@type\":\"ImageObject\",\"inLanguage\":\"fr-FR\",\"@id\":\"https:\/\/www.tmipal.com\/fr\/tmi-participe-a-la-vieme-inmersion-estrategica\/#primaryimage\",\"url\":\"https:\/\/www.tmipal.com\/wp-content\/uploads\/2025\/02\/foto_1_-_foto_de_grupo_inmersion_estrategica_2018_petita_0.jpeg\",\"contentUrl\":\"https:\/\/www.tmipal.com\/wp-content\/uploads\/2025\/02\/foto_1_-_foto_de_grupo_inmersion_estrategica_2018_petita_0.jpeg\",\"width\":1000,\"height\":423},{\"@type\":\"BreadcrumbList\",\"@id\":\"https:\/\/www.tmipal.com\/fr\/tmi-participe-a-la-vieme-inmersion-estrategica\/#breadcrumb\",\"itemListElement\":[{\"@type\":\"ListItem\",\"position\":1,\"name\":\"Premi\u00e8re page\",\"item\":\"https:\/\/www.tmipal.com\/fr\/accueil\/\"},{\"@type\":\"ListItem\",\"position\":2,\"name\":\"TMI PARTICIPE \u00c0 LA VI\u00c8ME INMERSI\u00d3N ESTRAT\u00c9GICA\"}]},{\"@type\":\"WebSite\",\"@id\":\"https:\/\/www.tmipal.com\/fr\/#website\",\"url\":\"https:\/\/www.tmipal.com\/fr\/\",\"name\":\"L\u00edneas completas de ensacado, paletizado y enfardado -TMI\",\"description\":\"L\u00edneas completas de ensacado, paletizado y enfardado\",\"publisher\":{\"@id\":\"https:\/\/www.tmipal.com\/fr\/#organization\"},\"potentialAction\":[{\"@type\":\"SearchAction\",\"target\":{\"@type\":\"EntryPoint\",\"urlTemplate\":\"https:\/\/www.tmipal.com\/fr\/?s={search_term_string}\"},\"query-input\":{\"@type\":\"PropertyValueSpecification\",\"valueRequired\":true,\"valueName\":\"search_term_string\"}}],\"inLanguage\":\"fr-FR\"},{\"@type\":\"Organization\",\"@id\":\"https:\/\/www.tmipal.com\/fr\/#organization\",\"name\":\"TMI\",\"url\":\"https:\/\/www.tmipal.com\/fr\/\",\"logo\":{\"@type\":\"ImageObject\",\"inLanguage\":\"fr-FR\",\"@id\":\"https:\/\/www.tmipal.com\/fr\/#\/schema\/logo\/image\/\",\"url\":\"https:\/\/www.tmipal.com\/wp-content\/uploads\/2024\/10\/logo-TMI-LLEIDA.png\",\"contentUrl\":\"https:\/\/www.tmipal.com\/wp-content\/uploads\/2024\/10\/logo-TMI-LLEIDA.png\",\"width\":200,\"height\":200,\"caption\":\"TMI\"},\"image\":{\"@id\":\"https:\/\/www.tmipal.com\/fr\/#\/schema\/logo\/image\/\"}},{\"@type\":\"Person\",\"@id\":\"https:\/\/www.tmipal.com\/fr\/#\/schema\/person\/5a5a5f9ea15ebe18d70baf7b6887b517\",\"name\":\"agenciaom\",\"image\":{\"@type\":\"ImageObject\",\"inLanguage\":\"fr-FR\",\"@id\":\"https:\/\/www.tmipal.com\/fr\/#\/schema\/person\/image\/\",\"url\":\"https:\/\/secure.gravatar.com\/avatar\/c8cb3e6b8e43c72b0448f84754afe51f9ef829973bbded721f4d9304b9b5a43d?s=96&d=mm&r=g\",\"contentUrl\":\"https:\/\/secure.gravatar.com\/avatar\/c8cb3e6b8e43c72b0448f84754afe51f9ef829973bbded721f4d9304b9b5a43d?s=96&d=mm&r=g\",\"caption\":\"agenciaom\"},\"sameAs\":[\"https:\/\/www.tmipal.com\"],\"url\":\"https:\/\/www.tmipal.com\/fr\/author\/agenciaom\/\"}]}<\/script>\n<!-- \/ Yoast SEO plugin. -->","yoast_head_json":{"title":"TMI PARTICIPE \u00c0 LA VI\u00c8ME INMERSI\u00d3N ESTRAT\u00c9GICA - TMI","robots":{"index":"index","follow":"follow","max-snippet":"max-snippet:-1","max-image-preview":"max-image-preview:large","max-video-preview":"max-video-preview:-1"},"canonical":"https:\/\/www.tmipal.com\/fr\/tmi-participe-a-la-vieme-inmersion-estrategica\/","og_locale":"fr_FR","og_type":"article","og_title":"TMI PARTICIPE \u00c0 LA VI\u00c8ME INMERSI\u00d3N ESTRAT\u00c9GICA - TMI","og_description":"Plus de 100 professionnels de l\u2019industrie de l\u2019emballage espagnole se sont trouv\u00e9s les derniers 18 et 19 d\u2019octobre \u00e0 Sant Cugat del Vall\u00e8s (Barcelona) pendant le rencontre annuel Inmersi\u00f3n Estrat\u00e9gica organis\u00e9e par le Cluster Packaging.","og_url":"https:\/\/www.tmipal.com\/fr\/tmi-participe-a-la-vieme-inmersion-estrategica\/","og_site_name":"TMI","article_published_time":"2019-10-22T08:45:00+00:00","article_modified_time":"2025-03-07T09:15:55+00:00","og_image":[{"width":1000,"height":423,"url":"https:\/\/www.tmipal.com\/wp-content\/uploads\/2025\/02\/foto_1_-_foto_de_grupo_inmersion_estrategica_2018_petita_0.jpeg","type":"image\/jpeg"}],"author":"agenciaom","twitter_card":"summary_large_image","twitter_misc":{"Written by":"agenciaom","Est. reading time":"1 minute"},"schema":{"@context":"https:\/\/schema.org","@graph":[{"@type":"Article","@id":"https:\/\/www.tmipal.com\/fr\/tmi-participe-a-la-vieme-inmersion-estrategica\/#article","isPartOf":{"@id":"https:\/\/www.tmipal.com\/fr\/tmi-participe-a-la-vieme-inmersion-estrategica\/"},"author":{"name":"agenciaom","@id":"https:\/\/www.tmipal.com\/fr\/#\/schema\/person\/5a5a5f9ea15ebe18d70baf7b6887b517"},"headline":"TMI PARTICIPE \u00c0 LA VI\u00c8ME INMERSI\u00d3N ESTRAT\u00c9GICA","datePublished":"2019-10-22T08:45:00+00:00","dateModified":"2025-03-07T09:15:55+00:00","mainEntityOfPage":{"@id":"https:\/\/www.tmipal.com\/fr\/tmi-participe-a-la-vieme-inmersion-estrategica\/"},"wordCount":151,"commentCount":0,"publisher":{"@id":"https:\/\/www.tmipal.com\/fr\/#organization"},"image":{"@id":"https:\/\/www.tmipal.com\/fr\/tmi-participe-a-la-vieme-inmersion-estrategica\/#primaryimage"},"thumbnailUrl":"https:\/\/www.tmipal.com\/wp-content\/uploads\/2025\/02\/foto_1_-_foto_de_grupo_inmersion_estrategica_2018_petita_0.jpeg","articleSection":["Solutions"],"inLanguage":"fr-FR","potentialAction":[{"@type":"CommentAction","name":"Comment","target":["https:\/\/www.tmipal.com\/fr\/tmi-participe-a-la-vieme-inmersion-estrategica\/#respond"]}]},{"@type":"WebPage","@id":"https:\/\/www.tmipal.com\/fr\/tmi-participe-a-la-vieme-inmersion-estrategica\/","url":"https:\/\/www.tmipal.com\/fr\/tmi-participe-a-la-vieme-inmersion-estrategica\/","name":"TMI PARTICIPE \u00c0 LA VI\u00c8ME INMERSI\u00d3N ESTRAT\u00c9GICA - TMI","isPartOf":{"@id":"https:\/\/www.tmipal.com\/fr\/#website"},"primaryImageOfPage":{"@id":"https:\/\/www.tmipal.com\/fr\/tmi-participe-a-la-vieme-inmersion-estrategica\/#primaryimage"},"image":{"@id":"https:\/\/www.tmipal.com\/fr\/tmi-participe-a-la-vieme-inmersion-estrategica\/#primaryimage"},"thumbnailUrl":"https:\/\/www.tmipal.com\/wp-content\/uploads\/2025\/02\/foto_1_-_foto_de_grupo_inmersion_estrategica_2018_petita_0.jpeg","datePublished":"2019-10-22T08:45:00+00:00","dateModified":"2025-03-07T09:15:55+00:00","breadcrumb":{"@id":"https:\/\/www.tmipal.com\/fr\/tmi-participe-a-la-vieme-inmersion-estrategica\/#breadcrumb"},"inLanguage":"fr-FR","potentialAction":[{"@type":"ReadAction","target":["https:\/\/www.tmipal.com\/fr\/tmi-participe-a-la-vieme-inmersion-estrategica\/"]}]},{"@type":"ImageObject","inLanguage":"fr-FR","@id":"https:\/\/www.tmipal.com\/fr\/tmi-participe-a-la-vieme-inmersion-estrategica\/#primaryimage","url":"https:\/\/www.tmipal.com\/wp-content\/uploads\/2025\/02\/foto_1_-_foto_de_grupo_inmersion_estrategica_2018_petita_0.jpeg","contentUrl":"https:\/\/www.tmipal.com\/wp-content\/uploads\/2025\/02\/foto_1_-_foto_de_grupo_inmersion_estrategica_2018_petita_0.jpeg","width":1000,"height":423},{"@type":"BreadcrumbList","@id":"https:\/\/www.tmipal.com\/fr\/tmi-participe-a-la-vieme-inmersion-estrategica\/#breadcrumb","itemListElement":[{"@type":"ListItem","position":1,"name":"Premi\u00e8re page","item":"https:\/\/www.tmipal.com\/fr\/accueil\/"},{"@type":"ListItem","position":2,"name":"TMI PARTICIPE \u00c0 LA VI\u00c8ME INMERSI\u00d3N ESTRAT\u00c9GICA"}]},{"@type":"WebSite","@id":"https:\/\/www.tmipal.com\/fr\/#website","url":"https:\/\/www.tmipal.com\/fr\/","name":"L\u00edneas completas de ensacado, paletizado y enfardado -TMI","description":"L\u00edneas completas de ensacado, paletizado y enfardado","publisher":{"@id":"https:\/\/www.tmipal.com\/fr\/#organization"},"potentialAction":[{"@type":"SearchAction","target":{"@type":"EntryPoint","urlTemplate":"https:\/\/www.tmipal.com\/fr\/?s={search_term_string}"},"query-input":{"@type":"PropertyValueSpecification","valueRequired":true,"valueName":"search_term_string"}}],"inLanguage":"fr-FR"},{"@type":"Organization","@id":"https:\/\/www.tmipal.com\/fr\/#organization","name":"TMI","url":"https:\/\/www.tmipal.com\/fr\/","logo":{"@type":"ImageObject","inLanguage":"fr-FR","@id":"https:\/\/www.tmipal.com\/fr\/#\/schema\/logo\/image\/","url":"https:\/\/www.tmipal.com\/wp-content\/uploads\/2024\/10\/logo-TMI-LLEIDA.png","contentUrl":"https:\/\/www.tmipal.com\/wp-content\/uploads\/2024\/10\/logo-TMI-LLEIDA.png","width":200,"height":200,"caption":"TMI"},"image":{"@id":"https:\/\/www.tmipal.com\/fr\/#\/schema\/logo\/image\/"}},{"@type":"Person","@id":"https:\/\/www.tmipal.com\/fr\/#\/schema\/person\/5a5a5f9ea15ebe18d70baf7b6887b517","name":"agenciaom","image":{"@type":"ImageObject","inLanguage":"fr-FR","@id":"https:\/\/www.tmipal.com\/fr\/#\/schema\/person\/image\/","url":"https:\/\/secure.gravatar.com\/avatar\/c8cb3e6b8e43c72b0448f84754afe51f9ef829973bbded721f4d9304b9b5a43d?s=96&d=mm&r=g","contentUrl":"https:\/\/secure.gravatar.com\/avatar\/c8cb3e6b8e43c72b0448f84754afe51f9ef829973bbded721f4d9304b9b5a43d?s=96&d=mm&r=g","caption":"agenciaom"},"sameAs":["https:\/\/www.tmipal.com"],"url":"https:\/\/www.tmipal.com\/fr\/author\/agenciaom\/"}]}},"_links":{"self":[{"href":"https:\/\/www.tmipal.com\/fr\/wp-json\/wp\/v2\/posts\/1872","targetHints":{"allow":["GET"]}}],"collection":[{"href":"https:\/\/www.tmipal.com\/fr\/wp-json\/wp\/v2\/posts"}],"about":[{"href":"https:\/\/www.tmipal.com\/fr\/wp-json\/wp\/v2\/types\/post"}],"author":[{"embeddable":true,"href":"https:\/\/www.tmipal.com\/fr\/wp-json\/wp\/v2\/users\/1"}],"replies":[{"embeddable":true,"href":"https:\/\/www.tmipal.com\/fr\/wp-json\/wp\/v2\/comments?post=1872"}],"version-history":[{"count":1,"href":"https:\/\/www.tmipal.com\/fr\/wp-json\/wp\/v2\/posts\/1872\/revisions"}],"predecessor-version":[{"id":1873,"href":"https:\/\/www.tmipal.com\/fr\/wp-json\/wp\/v2\/posts\/1872\/revisions\/1873"}],"wp:featuredmedia":[{"embeddable":true,"href":"https:\/\/www.tmipal.com\/fr\/wp-json\/wp\/v2\/media\/1520"}],"wp:attachment":[{"href":"https:\/\/www.tmipal.com\/fr\/wp-json\/wp\/v2\/media?parent=1872"}],"wp:term":[{"taxonomy":"category","embeddable":true,"href":"https:\/\/www.tmipal.com\/fr\/wp-json\/wp\/v2\/categories?post=1872"},{"taxonomy":"post_tag","embeddable":true,"href":"https:\/\/www.tmipal.com\/fr\/wp-json\/wp\/v2\/tags?post=1872"}],"curies":[{"name":"wp","href":"https:\/\/api.w.org\/{rel}","templated":true}]}}